{"id":980,"date":"2025-03-26T15:56:00","date_gmt":"2025-03-26T15:56:00","guid":{"rendered":"http:\/\/magicznyogrod.org\/?p=980"},"modified":"2025-03-27T15:57:40","modified_gmt":"2025-03-27T15:57:40","slug":"wizyta-gosci-z-radzynia-podlaskiego","status":"publish","type":"post","link":"http:\/\/magicznyogrod.org\/?p=980","title":{"rendered":"wizyta Go\u015bci z Radzynia Podlaskiego"},"content":{"rendered":"\n<p>25.03.2025 r. w Centrum Opieku\u0144czo &#8211; Mieszkalnym w Zamo\u015bciu mieli\u015bmy zaszczyt go\u015bci\u0107 pana starost\u0119 Radzynia Podlaskiego oraz przedstawicieli PCPR z tego miasta. Go\u015bcie zwiedzili Centrum, zapoznali si\u0119 z zasadami jego dzia\u0142ania oraz metodami wsparcia i aktywizacji os\u00f3b z niepe\u0142nosprawno\u015bci\u0105 przebywaj\u0105cych w pobycie ca\u0142odobowym lub bior\u0105cych udzia\u0142 w zaj\u0119ciach proponowanych w pobycie dziennym. Us\u0142yszeli\u015bmy wiele s\u0142\u00f3w uznania dla pracy personelu oraz Zarz\u0105du Stowarzyszenia &#8222;Magiczny Ogr\u00f3d&#8221;.\u00a0<\/p>\n","protected":false},"excerpt":{"rendered":"<p>25.03.2025 r. w Centrum Opieku\u0144czo &#8211; Mieszkalnym w Zamo\u015bciu mieli\u015bmy zaszczyt go\u015bci\u0107 pana starost\u0119 Radzynia Podlaskiego oraz przedstawicieli PCPR z tego miasta. Go\u015bcie zwiedzili Centrum, zapoznali si\u0119 z zasadami jego dzia\u0142ania oraz metodami wsparcia i aktywizacji os\u00f3b z niepe\u0142nosprawno\u015bci\u0105 przebywaj\u0105cych w pobycie ca\u0142odobowym lub bior\u0105cych udzia\u0142 w zaj\u0119ciach proponowanych w pobycie dziennym. Us\u0142yszeli\u015bmy wiele s\u0142\u00f3w &#8230; <span class=\"more\"><a class=\"more-link\" href=\"http:\/\/magicznyogrod.org\/?p=980\">[Czytaj wi\u0119cej&#8230;]<\/a><\/span><\/p>\n","protected":false},"author":1,"featured_media":0,"comment_status":"closed","ping_status":"closed","sticky":false,"template":"","format":"standard","meta":{"footnotes":""},"categories":[1],"tags":[],"class_list":{"0":"entry","1":"post","2":"publish","3":"author-admin","4":"post-980","6":"format-standard","7":"category-uncategorized"},"_links":{"self":[{"href":"http:\/\/magicznyogrod.org\/index.php?rest_route=\/wp\/v2\/posts\/980","targetHints":{"allow":["GET"]}}],"collection":[{"href":"http:\/\/magicznyogrod.org\/index.php?rest_route=\/wp\/v2\/posts"}],"about":[{"href":"http:\/\/magicznyogrod.org\/index.php?rest_route=\/wp\/v2\/types\/post"}],"author":[{"embeddable":true,"href":"http:\/\/magicznyogrod.org\/index.php?rest_route=\/wp\/v2\/users\/1"}],"replies":[{"embeddable":true,"href":"http:\/\/magicznyogrod.org\/index.php?rest_route=%2Fwp%2Fv2%2Fcomments&post=980"}],"version-history":[{"count":1,"href":"http:\/\/magicznyogrod.org\/index.php?rest_route=\/wp\/v2\/posts\/980\/revisions"}],"predecessor-version":[{"id":981,"href":"http:\/\/magicznyogrod.org\/index.php?rest_route=\/wp\/v2\/posts\/980\/revisions\/981"}],"wp:attachment":[{"href":"http:\/\/magicznyogrod.org\/index.php?rest_route=%2Fwp%2Fv2%2Fmedia&parent=980"}],"wp:term":[{"taxonomy":"category","embeddable":true,"href":"http:\/\/magicznyogrod.org\/index.php?rest_route=%2Fwp%2Fv2%2Fcategories&post=980"},{"taxonomy":"post_tag","embeddable":true,"href":"http:\/\/magicznyogrod.org\/index.php?rest_route=%2Fwp%2Fv2%2Ftags&post=980"}],"curies":[{"name":"wp","href":"https:\/\/api.w.org\/{rel}","templated":true}]}}