{"id":1159,"date":"2026-04-22T09:14:17","date_gmt":"2026-04-22T09:14:17","guid":{"rendered":"http:\/\/magicznyogrod.org\/?p=1159"},"modified":"2026-04-22T09:14:17","modified_gmt":"2026-04-22T09:14:17","slug":"wycieczka-do-krasnobrodu","status":"publish","type":"post","link":"http:\/\/magicznyogrod.org\/?p=1159","title":{"rendered":"Wycieczka do Krasnobrodu"},"content":{"rendered":"\n<p>21.04.2026 roku uczestnicy pobytu dziennego oraz ca\u0142odobowego w Centrum Opieku\u0144czo &#8211; Mieszkalnym w Zamo\u015bciu, prowadzonego przez Stowarzyszenie &#8222;Magiczny Ogr\u00f3d&#8221;, wzi\u0119li udzia\u0142 w wycieczce na Roztocze. Dzi\u0119ki przewodnikom z Fundacji Andromeda odwiedzili\u015bmy Sanktuarium Maryjne, Muzeum Wsi Krasnobrodzkiej, Muzeum Wie\u0144c\u00f3w Do\u017cynkowych i Ptaszarni\u0119 w Krasnobrodzie oraz dowiedzieli\u015bmy si\u0119 ciekawych rzeczy o historii i tera\u017aniejszo\u015bci tego miasta. Dzi\u0119ki uprzejmo\u015bci pana Adama Pawlika go\u015bcili\u015bmy w Dziennym Domu Senior +, gdzie przyj\u0119to nas w bardzo mi\u0142ej atmosferze, sprzyjaj\u0105cej integracji senior\u00f3w oraz os\u00f3b z niepe\u0142nosprawno\u015bci\u0105. Pokrzepieni na duchu (wsp\u00f3lne \u015bpiewanie, opowie\u015bci i rozmowy) oraz na ciele (pyszny pocz\u0119stunek przygotowany przez pracownik\u00f3w oraz uczestnik\u00f3w zaj\u0119\u0107 w Dziennym Domu Senior +) zwiedzili\u015bmy Centrum Geoturystyczne w Lipsku Polesiu.&nbsp;<\/p>\n\n\n\n<p>Serdecznie dzi\u0119kujemy wszystkim osobom zaanga\u017cowanym w realizacj\u0119 aktywizacji spo\u0142eczno-turystycznej os\u00f3b obj\u0119tych wsparciem w zamojskim Centrum, a w szczeg\u00f3lno\u015bci:<\/p>\n\n\n\n<p>panu Rafa\u0142owi Zwolakowi &#8211; Prezydent Miasta<\/p>\n\n\n\n<p>pani Marcie Pfeifer &#8211; Zast\u0119pca Prezydenta Miasta<\/p>\n\n\n\n<p>panu Adamowi Pawlikowi &#8211; Radny Rady Miasta, Kierownik Domu Dziennego Senior + w Krasnobrodzie<\/p>\n\n\n\n<p>panu Tomaszowi Banachowi &#8211; Prezes Fundacji Andromeda&nbsp;<\/p>\n\n\n\n<p>panu Marianowi Tyszce &#8211; Prezes MZK&nbsp;<\/p>\n\n\n\n<p>panu Konradowi Dziubie &#8211; Sekretarz Urz\u0119du Gminy w Zamo\u015bciu<\/p>\n\n\n\n<figure class=\"wp-block-gallery has-nested-images columns-default is-cropped wp-block-gallery-1 is-layout-flex wp-block-gallery-is-layout-flex\">\n<figure class=\"wp-block-image size-large\"><a href=\"http:\/\/magicznyogrod.org\/wp-content\/uploads\/2026\/04\/att.MPI_XSQEP-QF2MAbt_xKTsLSehULQtvQcLU-f5UtaFI.jpeg\"><img loading=\"lazy\" decoding=\"async\" width=\"1024\" height=\"768\" data-id=\"1162\" src=\"http:\/\/magicznyogrod.org\/wp-content\/uploads\/2026\/04\/att.MPI_XSQEP-QF2MAbt_xKTsLSehULQtvQcLU-f5UtaFI-1024x768.jpeg\" alt=\"\" class=\"wp-image-1162\" srcset=\"http:\/\/magicznyogrod.org\/wp-content\/uploads\/2026\/04\/att.MPI_XSQEP-QF2MAbt_xKTsLSehULQtvQcLU-f5UtaFI-1024x768.jpeg 1024w, http:\/\/magicznyogrod.org\/wp-content\/uploads\/2026\/04\/att.MPI_XSQEP-QF2MAbt_xKTsLSehULQtvQcLU-f5UtaFI-300x225.jpeg 300w, http:\/\/magicznyogrod.org\/wp-content\/uploads\/2026\/04\/att.MPI_XSQEP-QF2MAbt_xKTsLSehULQtvQcLU-f5UtaFI-768x576.jpeg 768w, http:\/\/magicznyogrod.org\/wp-content\/uploads\/2026\/04\/att.MPI_XSQEP-QF2MAbt_xKTsLSehULQtvQcLU-f5UtaFI-1536x1152.jpeg 1536w, http:\/\/magicznyogrod.org\/wp-content\/uploads\/2026\/04\/att.MPI_XSQEP-QF2MAbt_xKTsLSehULQtvQcLU-f5UtaFI.jpeg 2000w\" sizes=\"auto, (max-width: 1024px) 100vw, 1024px\" \/><\/a><\/figure>\n\n\n\n<figure class=\"wp-block-image size-large\"><a href=\"http:\/\/magicznyogrod.org\/wp-content\/uploads\/2026\/04\/att.uWC2FbeSV05SY0NJ1YmumQPWEVsGgZeclrOp4zKTdig.jpeg\"><img loading=\"lazy\" decoding=\"async\" width=\"1024\" height=\"768\" data-id=\"1163\" src=\"http:\/\/magicznyogrod.org\/wp-content\/uploads\/2026\/04\/att.uWC2FbeSV05SY0NJ1YmumQPWEVsGgZeclrOp4zKTdig-1024x768.jpeg\" alt=\"\" class=\"wp-image-1163\" srcset=\"http:\/\/magicznyogrod.org\/wp-content\/uploads\/2026\/04\/att.uWC2FbeSV05SY0NJ1YmumQPWEVsGgZeclrOp4zKTdig-1024x768.jpeg 1024w, http:\/\/magicznyogrod.org\/wp-content\/uploads\/2026\/04\/att.uWC2FbeSV05SY0NJ1YmumQPWEVsGgZeclrOp4zKTdig-300x225.jpeg 300w, http:\/\/magicznyogrod.org\/wp-content\/uploads\/2026\/04\/att.uWC2FbeSV05SY0NJ1YmumQPWEVsGgZeclrOp4zKTdig-768x576.jpeg 768w, http:\/\/magicznyogrod.org\/wp-content\/uploads\/2026\/04\/att.uWC2FbeSV05SY0NJ1YmumQPWEVsGgZeclrOp4zKTdig-1536x1152.jpeg 1536w, http:\/\/magicznyogrod.org\/wp-content\/uploads\/2026\/04\/att.uWC2FbeSV05SY0NJ1YmumQPWEVsGgZeclrOp4zKTdig.jpeg 2000w\" sizes=\"auto, (max-width: 1024px) 100vw, 1024px\" \/><\/a><\/figure>\n\n\n\n<figure class=\"wp-block-image size-large\"><a href=\"http:\/\/magicznyogrod.org\/wp-content\/uploads\/2026\/04\/att.OciAZKqenUUzCGLrVQdFatrTw1WoyadIdlfZfqn8PpE.jpeg\"><img loading=\"lazy\" decoding=\"async\" width=\"1024\" height=\"768\" data-id=\"1160\" src=\"http:\/\/magicznyogrod.org\/wp-content\/uploads\/2026\/04\/att.OciAZKqenUUzCGLrVQdFatrTw1WoyadIdlfZfqn8PpE-1024x768.jpeg\" alt=\"\" class=\"wp-image-1160\" srcset=\"http:\/\/magicznyogrod.org\/wp-content\/uploads\/2026\/04\/att.OciAZKqenUUzCGLrVQdFatrTw1WoyadIdlfZfqn8PpE-1024x768.jpeg 1024w, http:\/\/magicznyogrod.org\/wp-content\/uploads\/2026\/04\/att.OciAZKqenUUzCGLrVQdFatrTw1WoyadIdlfZfqn8PpE-300x225.jpeg 300w, http:\/\/magicznyogrod.org\/wp-content\/uploads\/2026\/04\/att.OciAZKqenUUzCGLrVQdFatrTw1WoyadIdlfZfqn8PpE-768x576.jpeg 768w, http:\/\/magicznyogrod.org\/wp-content\/uploads\/2026\/04\/att.OciAZKqenUUzCGLrVQdFatrTw1WoyadIdlfZfqn8PpE-1536x1152.jpeg 1536w, http:\/\/magicznyogrod.org\/wp-content\/uploads\/2026\/04\/att.OciAZKqenUUzCGLrVQdFatrTw1WoyadIdlfZfqn8PpE.jpeg 2000w\" sizes=\"auto, (max-width: 1024px) 100vw, 1024px\" \/><\/a><\/figure>\n\n\n\n<figure class=\"wp-block-image size-large\"><a href=\"http:\/\/magicznyogrod.org\/wp-content\/uploads\/2026\/04\/att.tWDn9HhbvkLbvoP3ln2rdHIK231r4PdV4Qvi5e1CRQs.jpeg\"><img loading=\"lazy\" decoding=\"async\" width=\"1024\" height=\"768\" data-id=\"1161\" src=\"http:\/\/magicznyogrod.org\/wp-content\/uploads\/2026\/04\/att.tWDn9HhbvkLbvoP3ln2rdHIK231r4PdV4Qvi5e1CRQs-1024x768.jpeg\" alt=\"\" class=\"wp-image-1161\" srcset=\"http:\/\/magicznyogrod.org\/wp-content\/uploads\/2026\/04\/att.tWDn9HhbvkLbvoP3ln2rdHIK231r4PdV4Qvi5e1CRQs-1024x768.jpeg 1024w, http:\/\/magicznyogrod.org\/wp-content\/uploads\/2026\/04\/att.tWDn9HhbvkLbvoP3ln2rdHIK231r4PdV4Qvi5e1CRQs-300x225.jpeg 300w, http:\/\/magicznyogrod.org\/wp-content\/uploads\/2026\/04\/att.tWDn9HhbvkLbvoP3ln2rdHIK231r4PdV4Qvi5e1CRQs-768x576.jpeg 768w, http:\/\/magicznyogrod.org\/wp-content\/uploads\/2026\/04\/att.tWDn9HhbvkLbvoP3ln2rdHIK231r4PdV4Qvi5e1CRQs-1536x1152.jpeg 1536w, http:\/\/magicznyogrod.org\/wp-content\/uploads\/2026\/04\/att.tWDn9HhbvkLbvoP3ln2rdHIK231r4PdV4Qvi5e1CRQs.jpeg 2000w\" sizes=\"auto, (max-width: 1024px) 100vw, 1024px\" \/><\/a><\/figure>\n<\/figure>\n\n\n\n<p><\/p>\n","protected":false},"excerpt":{"rendered":"<p>21.04.2026 roku uczestnicy pobytu dziennego oraz ca\u0142odobowego w Centrum Opieku\u0144czo &#8211; Mieszkalnym w Zamo\u015bciu, prowadzonego przez Stowarzyszenie &#8222;Magiczny Ogr\u00f3d&#8221;, wzi\u0119li udzia\u0142 w wycieczce na Roztocze. Dzi\u0119ki przewodnikom z Fundacji Andromeda odwiedzili\u015bmy Sanktuarium Maryjne, Muzeum Wsi Krasnobrodzkiej, Muzeum Wie\u0144c\u00f3w Do\u017cynkowych i Ptaszarni\u0119 w Krasnobrodzie oraz dowiedzieli\u015bmy si\u0119 ciekawych rzeczy o historii i tera\u017aniejszo\u015bci tego miasta. Dzi\u0119ki &#8230; <span class=\"more\"><a class=\"more-link\" href=\"http:\/\/magicznyogrod.org\/?p=1159\">[Czytaj wi\u0119cej&#8230;]<\/a><\/span><\/p>\n","protected":false},"author":1,"featured_media":0,"comment_status":"closed","ping_status":"closed","sticky":false,"template":"","format":"standard","meta":{"footnotes":""},"categories":[1],"tags":[],"class_list":{"0":"entry","1":"post","2":"publish","3":"author-admin","4":"post-1159","6":"format-standard","7":"category-uncategorized"},"_links":{"self":[{"href":"http:\/\/magicznyogrod.org\/index.php?rest_route=\/wp\/v2\/posts\/1159","targetHints":{"allow":["GET"]}}],"collection":[{"href":"http:\/\/magicznyogrod.org\/index.php?rest_route=\/wp\/v2\/posts"}],"about":[{"href":"http:\/\/magicznyogrod.org\/index.php?rest_route=\/wp\/v2\/types\/post"}],"author":[{"embeddable":true,"href":"http:\/\/magicznyogrod.org\/index.php?rest_route=\/wp\/v2\/users\/1"}],"replies":[{"embeddable":true,"href":"http:\/\/magicznyogrod.org\/index.php?rest_route=%2Fwp%2Fv2%2Fcomments&post=1159"}],"version-history":[{"count":1,"href":"http:\/\/magicznyogrod.org\/index.php?rest_route=\/wp\/v2\/posts\/1159\/revisions"}],"predecessor-version":[{"id":1164,"href":"http:\/\/magicznyogrod.org\/index.php?rest_route=\/wp\/v2\/posts\/1159\/revisions\/1164"}],"wp:attachment":[{"href":"http:\/\/magicznyogrod.org\/index.php?rest_route=%2Fwp%2Fv2%2Fmedia&parent=1159"}],"wp:term":[{"taxonomy":"category","embeddable":true,"href":"http:\/\/magicznyogrod.org\/index.php?rest_route=%2Fwp%2Fv2%2Fcategories&post=1159"},{"taxonomy":"post_tag","embeddable":true,"href":"http:\/\/magicznyogrod.org\/index.php?rest_route=%2Fwp%2Fv2%2Ftags&post=1159"}],"curies":[{"name":"wp","href":"https:\/\/api.w.org\/{rel}","templated":true}]}}