{"id":1088,"date":"2025-12-18T14:42:54","date_gmt":"2025-12-18T14:42:54","guid":{"rendered":"http:\/\/magicznyogrod.org\/?p=1088"},"modified":"2025-12-18T14:44:00","modified_gmt":"2025-12-18T14:44:00","slug":"rozstrzygniecie-otwartego-konkursu-ofert-prowadzenie-centrum-opiekunczo-mieszkalnego-w-zamosciu","status":"publish","type":"post","link":"http:\/\/magicznyogrod.org\/?p=1088","title":{"rendered":"Rozstrzygni\u0119cie otwartego konkursu ofert \u2013 prowadzenie Centrum Opieku\u0144czo-Mieszkalnego w Zamo\u015bciu"},"content":{"rendered":"\n<p>Informujemy, \u017ce w wyniku rozstrzygni\u0119cia otwartego konkursu ofert na realizacj\u0119 zadania publicznego z zakresu pomocy spo\u0142ecznej oraz dzia\u0142alno\u015bci na rzecz os\u00f3b z niepe\u0142nosprawno\u015bciami, Stowarzyszenie \u201eMagiczny Ogr\u00f3d\u201d zosta\u0142o wybrane do realizacji zadania pn. \u201eProwadzenie Centrum Opieku\u0144czo-Mieszkalnego w Zamo\u015bciu\u201d.<\/p>\n\n\n\n<p>Rozstrzygni\u0119cie konkursu nast\u0105pi\u0142o na podstawie Zarz\u0105dzenia Nr 333\/2025 <a href=\"chatgpt:\/\/generic-entity?number=0\">Prezydent Miasta Zamo\u015b\u0107<\/a> z dnia 16 grudnia 2025 r. Zadanie b\u0119dzie realizowane w 2026 roku, po zawarciu stosownej umowy.<\/p>\n\n\n\n<p>Prowadzenie Centrum Opieku\u0144czo-Mieszkalnego stanowi istotny element lokalnego systemu wsparcia os\u00f3b z niepe\u0142nosprawno\u015bciami, zapewniaj\u0105c im ca\u0142odobow\u0105 lub dzienn\u0105 opiek\u0119, wsparcie w codziennym funkcjonowaniu oraz mo\u017cliwo\u015b\u0107 aktywnego uczestnictwa w \u017cyciu spo\u0142ecznym.<\/p>\n\n\n\n<p>Tre\u015b\u0107 og\u0142oszenia o rozstrzygni\u0119ciu konkursu dost\u0119pna jest w Biuletynie Informacji Publicznej Miasta Zamo\u015b\u0107:<\/p>\n\n\n\n<p>&#x1f449; https:\/\/umzamosc.bip.lubelskie.pl\/index.php?id=93&amp;action=details&amp;document_id=2246834<\/p>\n\n\n\n<p><\/p>\n","protected":false},"excerpt":{"rendered":"<p>Informujemy, \u017ce w wyniku rozstrzygni\u0119cia otwartego konkursu ofert na realizacj\u0119 zadania publicznego z zakresu pomocy spo\u0142ecznej oraz dzia\u0142alno\u015bci na rzecz os\u00f3b z niepe\u0142nosprawno\u015bciami, Stowarzyszenie \u201eMagiczny Ogr\u00f3d\u201d zosta\u0142o wybrane do realizacji zadania pn. \u201eProwadzenie Centrum Opieku\u0144czo-Mieszkalnego w Zamo\u015bciu\u201d. Rozstrzygni\u0119cie konkursu nast\u0105pi\u0142o na podstawie Zarz\u0105dzenia Nr 333\/2025 Prezydent Miasta Zamo\u015b\u0107 z dnia 16 grudnia 2025 r. Zadanie &#8230; <span class=\"more\"><a class=\"more-link\" href=\"http:\/\/magicznyogrod.org\/?p=1088\">[Czytaj wi\u0119cej&#8230;]<\/a><\/span><\/p>\n","protected":false},"author":1,"featured_media":1090,"comment_status":"closed","ping_status":"closed","sticky":false,"template":"","format":"standard","meta":{"footnotes":""},"categories":[1],"tags":[],"class_list":{"0":"entry","1":"post","2":"publish","3":"author-admin","4":"post-1088","6":"format-standard","7":"has-post-thumbnail","8":"category-uncategorized"},"_links":{"self":[{"href":"http:\/\/magicznyogrod.org\/index.php?rest_route=\/wp\/v2\/posts\/1088","targetHints":{"allow":["GET"]}}],"collection":[{"href":"http:\/\/magicznyogrod.org\/index.php?rest_route=\/wp\/v2\/posts"}],"about":[{"href":"http:\/\/magicznyogrod.org\/index.php?rest_route=\/wp\/v2\/types\/post"}],"author":[{"embeddable":true,"href":"http:\/\/magicznyogrod.org\/index.php?rest_route=\/wp\/v2\/users\/1"}],"replies":[{"embeddable":true,"href":"http:\/\/magicznyogrod.org\/index.php?rest_route=%2Fwp%2Fv2%2Fcomments&post=1088"}],"version-history":[{"count":2,"href":"http:\/\/magicznyogrod.org\/index.php?rest_route=\/wp\/v2\/posts\/1088\/revisions"}],"predecessor-version":[{"id":1092,"href":"http:\/\/magicznyogrod.org\/index.php?rest_route=\/wp\/v2\/posts\/1088\/revisions\/1092"}],"wp:featuredmedia":[{"embeddable":true,"href":"http:\/\/magicznyogrod.org\/index.php?rest_route=\/wp\/v2\/media\/1090"}],"wp:attachment":[{"href":"http:\/\/magicznyogrod.org\/index.php?rest_route=%2Fwp%2Fv2%2Fmedia&parent=1088"}],"wp:term":[{"taxonomy":"category","embeddable":true,"href":"http:\/\/magicznyogrod.org\/index.php?rest_route=%2Fwp%2Fv2%2Fcategories&post=1088"},{"taxonomy":"post_tag","embeddable":true,"href":"http:\/\/magicznyogrod.org\/index.php?rest_route=%2Fwp%2Fv2%2Ftags&post=1088"}],"curies":[{"name":"wp","href":"https:\/\/api.w.org\/{rel}","templated":true}]}}