{"id":1078,"date":"2025-12-16T13:08:56","date_gmt":"2025-12-16T13:08:56","guid":{"rendered":"http:\/\/magicznyogrod.org\/?p=1078"},"modified":"2025-12-16T13:08:56","modified_gmt":"2025-12-16T13:08:56","slug":"najaktywniejsza-organizacja-pozarzadowa-spoldzielnia-socjalna-roku-2024","status":"publish","type":"post","link":"http:\/\/magicznyogrod.org\/?p=1078","title":{"rendered":"Najaktywniejsza organizacja pozarz\u0105dowa\/sp\u00f3\u0142dzielnia socjalna roku 2024"},"content":{"rendered":"\n<p>Mi\u0142o nam poinformowa\u0107 o tym, \u017ce Stowarzyszenie &#8222;Magiczny Ogr\u00f3d&#8221; z siedzib\u0105 w Zamo\u015bciu zosta\u0142o laureatem konkursu\u00a0 na \u201eNajaktywniejsz\u0105 organizacj\u0119 pozarz\u0105dow\u0105\/sp\u00f3\u0142dzielni\u0119 socjaln\u0105 roku 2024&#8243;.\u00a0<\/p>\n\n\n\n<p>W imieniu Zarz\u0105du Stowarzyszenia sk\u0142adamy serdeczne podzi\u0119kowania wszystkim cz\u0142onkom stowarzyszenia, wolontariuszom oraz wsp\u00f3\u0142pracownikom za prac\u0119 na rzecz&nbsp; os\u00f3b przewlekle chorych, starszych, wykluczonych lub zagro\u017conych wykluczeniem oraz os\u00f3b z niepe\u0142nosprawno\u015bci\u0105. Jeste\u015bmy wdzi\u0119czni za owocn\u0105 wsp\u00f3\u0142prac\u0119 instytucjom, organizacjom pozarz\u0105dowym, sp\u00f3\u0142dzielniom socjalnym, urz\u0119dom oraz w\u0142adzom Zamo\u015bcia, a tak\u017ce w\u0142adzom samorz\u0105dowym gmin i powiat\u00f3w wojew\u00f3dztwa lubelskiego.&nbsp;<\/p>\n\n\n\n<p>Dorota Margol &#8211; prezes Zarz\u0105du&nbsp;<\/p>\n\n\n\n<p>Pawe\u0142 Kalinowski &#8211; wiceprezes Zarz\u0105du<\/p>\n\n\n\n<p><\/p>\n","protected":false},"excerpt":{"rendered":"<p>Mi\u0142o nam poinformowa\u0107 o tym, \u017ce Stowarzyszenie &#8222;Magiczny Ogr\u00f3d&#8221; z siedzib\u0105 w Zamo\u015bciu zosta\u0142o laureatem konkursu\u00a0 na \u201eNajaktywniejsz\u0105 organizacj\u0119 pozarz\u0105dow\u0105\/sp\u00f3\u0142dzielni\u0119 socjaln\u0105 roku 2024&#8243;.\u00a0 W imieniu Zarz\u0105du Stowarzyszenia sk\u0142adamy serdeczne podzi\u0119kowania wszystkim cz\u0142onkom stowarzyszenia, wolontariuszom oraz wsp\u00f3\u0142pracownikom za prac\u0119 na rzecz&nbsp; os\u00f3b przewlekle chorych, starszych, wykluczonych lub zagro\u017conych wykluczeniem oraz os\u00f3b z niepe\u0142nosprawno\u015bci\u0105. Jeste\u015bmy wdzi\u0119czni za &#8230; <span class=\"more\"><a class=\"more-link\" href=\"http:\/\/magicznyogrod.org\/?p=1078\">[Czytaj wi\u0119cej&#8230;]<\/a><\/span><\/p>\n","protected":false},"author":1,"featured_media":0,"comment_status":"closed","ping_status":"closed","sticky":false,"template":"","format":"standard","meta":{"footnotes":""},"categories":[1],"tags":[],"class_list":{"0":"entry","1":"post","2":"publish","3":"author-admin","4":"post-1078","6":"format-standard","7":"category-uncategorized"},"_links":{"self":[{"href":"http:\/\/magicznyogrod.org\/index.php?rest_route=\/wp\/v2\/posts\/1078","targetHints":{"allow":["GET"]}}],"collection":[{"href":"http:\/\/magicznyogrod.org\/index.php?rest_route=\/wp\/v2\/posts"}],"about":[{"href":"http:\/\/magicznyogrod.org\/index.php?rest_route=\/wp\/v2\/types\/post"}],"author":[{"embeddable":true,"href":"http:\/\/magicznyogrod.org\/index.php?rest_route=\/wp\/v2\/users\/1"}],"replies":[{"embeddable":true,"href":"http:\/\/magicznyogrod.org\/index.php?rest_route=%2Fwp%2Fv2%2Fcomments&post=1078"}],"version-history":[{"count":1,"href":"http:\/\/magicznyogrod.org\/index.php?rest_route=\/wp\/v2\/posts\/1078\/revisions"}],"predecessor-version":[{"id":1079,"href":"http:\/\/magicznyogrod.org\/index.php?rest_route=\/wp\/v2\/posts\/1078\/revisions\/1079"}],"wp:attachment":[{"href":"http:\/\/magicznyogrod.org\/index.php?rest_route=%2Fwp%2Fv2%2Fmedia&parent=1078"}],"wp:term":[{"taxonomy":"category","embeddable":true,"href":"http:\/\/magicznyogrod.org\/index.php?rest_route=%2Fwp%2Fv2%2Fcategories&post=1078"},{"taxonomy":"post_tag","embeddable":true,"href":"http:\/\/magicznyogrod.org\/index.php?rest_route=%2Fwp%2Fv2%2Ftags&post=1078"}],"curies":[{"name":"wp","href":"https:\/\/api.w.org\/{rel}","templated":true}]}}