{"id":1035,"date":"2025-09-20T16:57:20","date_gmt":"2025-09-20T16:57:20","guid":{"rendered":"http:\/\/magicznyogrod.org\/?p=1035"},"modified":"2025-09-20T16:57:29","modified_gmt":"2025-09-20T16:57:29","slug":"trampolina-wiecej-lepiej-profesjonalnie-3-edycja","status":"publish","type":"post","link":"http:\/\/magicznyogrod.org\/?p=1035","title":{"rendered":"Trampolina \u2013 wi\u0119cej, lepiej, profesjonalnie \u2013 3 edycja"},"content":{"rendered":"\n<p><strong>Nasz udzia\u0142 w projekcie \u201eTrampolina \u2013 wi\u0119cej, lepiej, profesjonalnie \u2013 3 edycja\u201d<\/strong><\/p>\n\n\n\n<p>Stowarzyszenie Magiczny Ogr\u00f3d z dum\u0105 og\u0142asza, \u017ce zosta\u0142o partnerem projektu \u201eTrampolina \u2013 wi\u0119cej, lepiej, profesjonalnie \u2013 3 edycja\u201d, realizowanego przez Lubelski O\u015brodek Samopomocy (LOS) dzi\u0119ki wsparciu Narodowego Instytutu Wolno\u015bci w ramach Rz\u0105dowego Programu Fundusz Inicjatyw Obywatelskich NOWEFIO (2021-2030).&nbsp;<\/p>\n\n\n\n<p><strong>Co to za projekt?<\/strong><\/p>\n\n\n\n<p>Celem projektu \u201eTrampolina 3\u201d jest wzmocnienie potencja\u0142u organizacji pozarz\u0105dowych z wojew\u00f3dztwa lubelskiego \u2014 zw\u0142aszcza tych dzia\u0142aj\u0105cych w gminach wiejskich i miejsko-wiejskich \u2014 poprzez:<\/p>\n\n\n\n<ul class=\"wp-block-list\">\n<li>wdra\u017canie nowoczesnych standard\u00f3w zarz\u0105dzania, budowania marki i mierzenia skuteczno\u015bci dzia\u0142a\u0144 oraz zadowolenia os\u00f3b, z kt\u00f3rymi wsp\u00f3\u0142pracuj\u0105 organizacje\u00a0 ,<\/li>\n\n\n\n<li>podniesienie kompetencji lider\u00f3w NGO w zakresie zarz\u0105dzania i umiej\u0119tno\u015bci mened\u017cerskich\u00a0 ,<\/li>\n\n\n\n<li>wykorzystanie nowoczesnych technologii (w tym sztucznej inteligencji) w zarz\u0105dzaniu i fundraisingu\u00a0 ,<\/li>\n<\/ul>\n\n\n\n<p>\u2013 a tak\u017ce rozbudow\u0119 Sieci Punkt\u00f3w Partnera Lokalnego LOS (PPL LOS), w kt\u00f3rej udzia\u0142 bierze Stowarzyszenie Magiczny Ogr\u00f3d. Projekt zak\u0142ada zwi\u0119kszenie liczby cz\u0142onk\u00f3w sieci z obecnych 78 do 100 organizacji&nbsp; .<\/p>\n\n\n\n<p><strong>Nasza rola<\/strong><\/p>\n\n\n\n<p>Jako Magiczny Ogr\u00f3d:<\/p>\n\n\n\n<ul class=\"wp-block-list\">\n<li>Uczestniczymy w dzia\u0142aniach szkoleniowych i warsztatach rozwijaj\u0105cych kompetencje zarz\u0105dcze oraz technologiczne,<\/li>\n\n\n\n<li>Wdra\u017camy zdobyte standardy, m.in. wizerunkowe i zwi\u0105zane z pomiarem efektywno\u015bci,<\/li>\n\n\n\n<li>Dzielimy si\u0119 do\u015bwiadczeniami z innymi organizacjami w ramach sieci, wspieraj\u0105c r\u00f3wnie\u017c organizacje z obszar\u00f3w wiejskich.<\/li>\n<\/ul>\n\n\n\n<p>Dzi\u0119ki temu chcemy nie tylko rozwija\u0107 w\u0142asn\u0105 dzia\u0142alno\u015b\u0107, ale te\u017c wsp\u00f3lnie z lokalnymi NGO wp\u0142ywa\u0107 na podniesienie jako\u015bci dzia\u0142ania sektora obywatelskiego w naszym regionie.<\/p>\n\n\n\n<p><strong>Dlaczego to wa\u017cne?<\/strong><\/p>\n\n\n\n<p>Projekt \u201eTrampolina 3\u201d to dla nas szansa na:<\/p>\n\n\n\n<ul class=\"wp-block-list\">\n<li>lepsz\u0105 organizacj\u0119 dzia\u0142a\u0144,<\/li>\n\n\n\n<li>\u015bwiadomo\u015b\u0107 efekt\u00f3w \u2014 co faktycznie dociera do os\u00f3b, kt\u00f3rym pomagamy lub z kt\u00f3rymi wsp\u00f3\u0142pracujemy,<\/li>\n\n\n\n<li>wzmocnienie naszego potencja\u0142u technologicznego i lepsze pozyskiwanie wsparcia finansowego,<\/li>\n\n\n\n<li>wsp\u00f3\u0142prac\u0119 z innymi NGO, wymian\u0119 dobrych praktyk i budowanie silniejszej sieci wsp\u00f3\u0142dzia\u0142ania.<\/li>\n<\/ul>\n\n\n\n<p><strong>Fakty<\/strong><\/p>\n\n\n\n<ul class=\"wp-block-list\">\n<li>Okres realizacji: od 1 marca 2025 do 31 lipca 2026 r. \u00a0<\/li>\n\n\n\n<li>Bud\u017cet: ca\u0142o\u015b\u0107 zadania: 170 640 z\u0142, kwota przyznanej dotacji taka sama \u00a0<\/li>\n\n\n\n<li>Grupa docelowa: co najmniej 100 organizacji NGO z Lubelszczyzny (w tym 22 nowe) oraz ok. 200 os\u00f3b (lider\u00f3w, pracownik\u00f3w, wolontariuszy)\u00a0<\/li>\n<\/ul>\n","protected":false},"excerpt":{"rendered":"<p>Nasz udzia\u0142 w projekcie \u201eTrampolina \u2013 wi\u0119cej, lepiej, profesjonalnie \u2013 3 edycja\u201d Stowarzyszenie Magiczny Ogr\u00f3d z dum\u0105 og\u0142asza, \u017ce zosta\u0142o partnerem projektu \u201eTrampolina \u2013 wi\u0119cej, lepiej, profesjonalnie \u2013 3 edycja\u201d, realizowanego przez Lubelski O\u015brodek Samopomocy (LOS) dzi\u0119ki wsparciu Narodowego Instytutu Wolno\u015bci w ramach Rz\u0105dowego Programu Fundusz Inicjatyw Obywatelskich NOWEFIO (2021-2030).&nbsp; Co to za projekt? Celem &#8230; <span class=\"more\"><a class=\"more-link\" href=\"http:\/\/magicznyogrod.org\/?p=1035\">[Czytaj wi\u0119cej&#8230;]<\/a><\/span><\/p>\n","protected":false},"author":1,"featured_media":0,"comment_status":"closed","ping_status":"closed","sticky":false,"template":"","format":"standard","meta":{"footnotes":""},"categories":[1],"tags":[],"class_list":{"0":"entry","1":"post","2":"publish","3":"author-admin","4":"post-1035","6":"format-standard","7":"category-uncategorized"},"_links":{"self":[{"href":"http:\/\/magicznyogrod.org\/index.php?rest_route=\/wp\/v2\/posts\/1035","targetHints":{"allow":["GET"]}}],"collection":[{"href":"http:\/\/magicznyogrod.org\/index.php?rest_route=\/wp\/v2\/posts"}],"about":[{"href":"http:\/\/magicznyogrod.org\/index.php?rest_route=\/wp\/v2\/types\/post"}],"author":[{"embeddable":true,"href":"http:\/\/magicznyogrod.org\/index.php?rest_route=\/wp\/v2\/users\/1"}],"replies":[{"embeddable":true,"href":"http:\/\/magicznyogrod.org\/index.php?rest_route=%2Fwp%2Fv2%2Fcomments&post=1035"}],"version-history":[{"count":1,"href":"http:\/\/magicznyogrod.org\/index.php?rest_route=\/wp\/v2\/posts\/1035\/revisions"}],"predecessor-version":[{"id":1036,"href":"http:\/\/magicznyogrod.org\/index.php?rest_route=\/wp\/v2\/posts\/1035\/revisions\/1036"}],"wp:attachment":[{"href":"http:\/\/magicznyogrod.org\/index.php?rest_route=%2Fwp%2Fv2%2Fmedia&parent=1035"}],"wp:term":[{"taxonomy":"category","embeddable":true,"href":"http:\/\/magicznyogrod.org\/index.php?rest_route=%2Fwp%2Fv2%2Fcategories&post=1035"},{"taxonomy":"post_tag","embeddable":true,"href":"http:\/\/magicznyogrod.org\/index.php?rest_route=%2Fwp%2Fv2%2Ftags&post=1035"}],"curies":[{"name":"wp","href":"https:\/\/api.w.org\/{rel}","templated":true}]}}