{"id":1019,"date":"2025-06-14T09:12:32","date_gmt":"2025-06-14T09:12:32","guid":{"rendered":"http:\/\/magicznyogrod.org\/?p=1019"},"modified":"2025-06-14T09:12:32","modified_gmt":"2025-06-14T09:12:32","slug":"korpus-wsparcia-seniorow-2025","status":"publish","type":"post","link":"http:\/\/magicznyogrod.org\/?p=1019","title":{"rendered":"Korpus Wsparcia Senior\u00f3w 2025"},"content":{"rendered":"\n<p><strong>Nab\u00f3r uczestnik\u00f3w do Programu \u201eKorpus Wsparcia Senior\u00f3w\u201d na&nbsp;rok&nbsp;2025<\/strong><\/p>\n\n\n\n<p>Miasto Zamo\u015b\u0107 przyst\u0105pi\u0142o do realizacji kolejnej edycji Programu Ministerstwa Rodziny, Pracy i Polityki Spo\u0142ecznej pn.&nbsp;<strong>\u201eKorpus Wsparcia Senior\u00f3w\u201d na rok 2025.<\/strong><\/p>\n\n\n\n<p>Koordynatorem programu jest Miejskie Centrum Pomocy Rodzinie w Zamo\u015bciu.<\/p>\n\n\n\n<p>Ze wsparcia w ramach Programu mog\u0105 skorzysta\u0107 mieszka\u0144cy Miasta Zamo\u015b\u0107 w wieku 60 lat i&nbsp;wi\u0119cej.<\/p>\n\n\n\n<p><strong>Program realizowany jest w ramach dw\u00f3ch modu\u0142\u00f3w w terminie do 31 grudnia 2025 r.&nbsp;<\/strong><\/p>\n\n\n\n<p><strong>Modu\u0142 I&nbsp;<\/strong>ma na celu zapewnienie us\u0142ug opieku\u0144czych w formie us\u0142ug s\u0105siedzkich seniorom w&nbsp;wieku 60 lat i wi\u0119cej, kt\u00f3rzy z powodu wieku, choroby lub innych przyczyn wymagaj\u0105 pomocy os\u00f3b drugich, a s\u0105 jej pozbawione.<\/p>\n\n\n\n<p>Wsparcie w ramach us\u0142ug opieku\u0144czych s\u0105siedzkich mo\u017ce obejmowa\u0107 :<\/p>\n\n\n\n<ul class=\"wp-block-list\">\n<li>pomoc w zaspokajaniu podstawowych potrzeb \u017cyciowych,<\/li>\n\n\n\n<li>podstawow\u0105 opiek\u0119 higieniczno-piel\u0119gnacyjn\u0105, przez kt\u00f3r\u0105 nale\u017cy rozumie\u0107 formy wsparcia niewymagaj\u0105ce specjalistycznej wiedzy i kompetencji,<\/li>\n\n\n\n<li>w miar\u0119 potrzeb i mo\u017cliwo\u015bci zapewnienie kontakt\u00f3w z otoczeniem.<\/li>\n<\/ul>\n\n\n\n<p>Tryb przyznawania us\u0142ug s\u0105siedzkich jest taki sam jak w przypadku us\u0142ug opieku\u0144czych i&nbsp;specjalistycznych us\u0142ug opieku\u0144czych. Odp\u0142atno\u015b\u0107 za us\u0142ugi uzale\u017cniona jest od dochodu osoby korzystaj\u0105cej z&nbsp;us\u0142ug i naliczana jest zgodnie z&nbsp;tabel\u0105 odp\u0142atno\u015bci okre\u015blon\u0105 w&nbsp;uchwale Rady Miasta z dnia 25 listopada 2024 r. (za\u0142\u0105cznik nr 2).<\/p>\n\n\n\n<p><strong>Zg\u0142oszenia do udzia\u0142u w Module I Programu<\/strong><\/p>\n\n\n\n<p>Senior mo\u017ce zg\u0142osi\u0107 si\u0119 do udzia\u0142u w Programie w ramach&nbsp;<strong>Modu\u0142u I<\/strong>&nbsp;sk\u0142adaj\u0105c wype\u0142nione podanie o pomoc wraz z za\u0142\u0105cznikami tj. o\u015bwiadczeniem o stanie maj\u0105tkowym i&nbsp;o\u015bwiadczeniem o uzyskanym dochodzie w ci\u0105gu ostatnich 12 miesi\u0119cy (druki&nbsp;w&nbsp;za\u0142\u0105czeniu) w Miejskim Centrum Pomocy Rodzinie ul.&nbsp;Lwowska 57 (punkt podawczy \u2013 Zesp\u00f3\u0142 pierwszego kontaktu) w&nbsp;godzinach urz\u0119dowania Centrum lub za po\u015brednictwem poczty na&nbsp;adres: Miejskie Centrum Pomocy Rodzinie w Zamo\u015bciu ul. Lwowska 57, 22-400 Zamo\u015b\u0107.<\/p>\n\n\n\n<p>Us\u0142ugi opieku\u0144cze s\u0105siedzkie s\u0105 \u015bwiadczeniem z pomocy spo\u0142ecznej przyznawanym w&nbsp;drodze decyzji administracyjnej, po uprzednim przeprowadzeniu wywiadu \u015brodowiskowego.<\/p>\n\n\n\n<p>Nab\u00f3r zg\u0142osze\u0144 do<strong>&nbsp;Modu\u0142u I&nbsp;&nbsp;<\/strong>jest ci\u0105g\u0142y w miar\u0119 posiadanych wolnych miejsc.<\/p>\n\n\n\n<p>Z\u0142o\u017cenie podania o pomoc wraz z za\u0142\u0105cznikami w ramach&nbsp;&nbsp;<strong>Modu\u0142u I<\/strong>&nbsp;nie jest r\u00f3wnoznaczne z&nbsp;zakwalifikowaniem osoby do obj\u0119cia pomoc\u0105.<\/p>\n\n\n\n<p>Wi\u0119cej informacji na temat wsparcia w ramach&nbsp;<strong>Modu\u0142u I<\/strong>&nbsp;mo\u017cna uzyska\u0107 w&nbsp;<strong>Miejskim Centrum Pomocy Rodzinie w Zamo\u015bciu, ul. Lwowska 57<\/strong>&nbsp;pod numerami telefon\u00f3w&nbsp;<strong>84&nbsp;677 56 32&nbsp;<\/strong>oraz<strong>&nbsp; 84&nbsp;677 56 33<\/strong>&nbsp;od poniedzia\u0142ku do pi\u0105tku w godzinach od 8.00 do 15.00.<\/p>\n\n\n\n<p><strong>Modu\u0142 II &#8211;&nbsp;<\/strong>&nbsp;tzw. \u201eopieka na odleg\u0142o\u015b\u0107\u201d (teleopieka) z&nbsp;wykorzystaniem tzw. \u201eopasek bezpiecze\u0144stwa\u201d.<\/p>\n\n\n\n<p>Teleopieka ma na celu wsparcie w miejscu zamieszkania senior\u00f3w w wieku 60 lat i wi\u0119cej, kt\u00f3rzy maj\u0105 problemy zwi\u0105zane z samodzielnym funkcjonowaniem ze wzgl\u0119du na stan zdrowia, prowadz\u0105cych samodzielne gospodarstwo domowe lub mieszkaj\u0105cych z osobami bliskimi, kt\u00f3re nie s\u0105 w stanie zapewni\u0107 im wystarczaj\u0105cej opieki w codziennym funkcjonowaniu w&nbsp;zakresie odpowiadaj\u0105cym ich potrzebom.&nbsp; Wsparcie w ramach Programu&nbsp; zapewniane jest poprzez dost\u0119p do tzw.&nbsp;<strong>\u201eopieki na odleg\u0142o\u015b\u0107\u201d<\/strong>&nbsp;przez wykorzystanie tzw.&nbsp;<strong>\u201eopasek bezpiecze\u0144stwa\u201d<\/strong>, kt\u00f3re b\u0119d\u0105 po\u0142\u0105czone z&nbsp;us\u0142ug\u0105 operatora pomocy.<\/p>\n\n\n\n<p>W przypadku trudnej sytuacji lub nag\u0142ego zagro\u017cenia wci\u015bni\u0119cie guzika alarmowego, znajduj\u0105cego si\u0119 na opasce, umo\u017cliwi po\u0142\u0105czenie si\u0119 z gotow\u0105 do interwencji central\u0105. Po&nbsp;odebraniu zg\u0142oszenia dyspozytor (ratownik medyczny, opiekun medyczny, piel\u0119gniarka) podejmuje decyzj\u0119 o sposobie udzielenia pomocy seniorowi. W zale\u017cno\u015bci od sytuacji mo\u017ce on zapewni\u0107:<\/p>\n\n\n\n<ul class=\"wp-block-list\">\n<li>wsparcie emocjonalne przez telefon,<\/li>\n\n\n\n<li>poprosi\u0107 o interwencj\u0119 kogo\u015b z jego najbli\u017cszego otoczenia (rodzin\u0119, s\u0105siad\u00f3w, opiekun\u00f3w),<\/li>\n\n\n\n<li>poprosi\u0107 o interwencj\u0119 pracownika o\u015brodka pomocy spo\u0142ecznej (np. pracownika socjalnego czy opiekunk\u0119 \u015brodowiskow\u0105),<\/li>\n\n\n\n<li>wezwa\u0107 s\u0142u\u017cby ratunkowe.<\/li>\n<\/ul>\n\n\n\n<p><strong>Udzia\u0142 w Programie w ramach Modu\u0142u II jest bezp\u0142atny.<\/strong><\/p>\n\n\n\n<p><strong>Zg\u0142oszenia do udzia\u0142u w Module II Programu<\/strong><\/p>\n\n\n\n<p>Senior mo\u017ce zg\u0142osi\u0107 si\u0119 do udzia\u0142u w Programie w ramach&nbsp;<strong>Modu\u0142u II<\/strong>&nbsp;poprzez wype\u0142nienie formularza zg\u0142oszeniowego (druk&nbsp;w&nbsp;za\u0142\u0105czeniu) i z\u0142o\u017cenie w Miejskim Centrum Pomocy Rodzinie ul.&nbsp;Lwowska 57 (punkt podawczy \u2013 Zesp\u00f3\u0142 pierwszego kontaktu) w&nbsp;godzinach urz\u0119dowania Centrum lub za po\u015brednictwem poczty na adres: Miejskie Centrum Pomocy Rodzinie w Zamo\u015bciu ul. Lwowska 57, 22-400 Zamo\u015b\u0107.<\/p>\n\n\n\n<p>Nab\u00f3r zg\u0142osze\u0144 do<strong>&nbsp;Modu\u0142u II&nbsp;<\/strong>jest ci\u0105g\u0142y.<\/p>\n\n\n\n<p>Z\u0142o\u017cenie formularza zg\u0142oszeniowego do&nbsp;<strong>Modu\u0142u II<\/strong>&nbsp; nie jest r\u00f3wnoznaczne z&nbsp;zakwalifikowaniem osoby do obj\u0119cia pomoc\u0105.<\/p>\n\n\n\n<p>Wi\u0119cej informacji na&nbsp;temat udzielanego wsparcia w ramach Modu\u0142u II mo\u017cna uzyska\u0107 pod numerem telefonu&nbsp;<strong>451&nbsp;177&nbsp;975<\/strong>&nbsp;od poniedzia\u0142ku do pi\u0105tku w godzinach 8.00-15.00.<\/p>\n\n\n\n<p>Za\u0142\u0105czniki do pobrania: <a href=\"https:\/\/zamosc.pl\/news\/8515\/bdquonabor-do-programu-korpus-wsparcia-seniorow-na-r.html\">https:\/\/zamosc.pl\/news\/8515\/bdquonabor-do-programu-korpus-wsparcia-seniorow-na-r.html<\/a><\/p>\n\n\n\n<p>Informacje ze strony: <a href=\"https:\/\/zamosc.pl\/news\/8515\/bdquonabor-do-programu-korpus-wsparcia-seniorow-na-r.html\">https:\/\/zamosc.pl\/news\/8515\/bdquonabor-do-programu-korpus-wsparcia-seniorow-na-r.html<\/a><\/p>\n\n\n\n<p>Informacje dost\u0119pne na stronie MCPR: <a href=\"https:\/\/mcpr.zamosc.mcpr.mpanel.mbnet.pl\/29-korpuswsparciaseniorow\/894-nabor-do-programu-korpus-wsparcia-seniorow-na-rok-2025-uslugi-sasiedzkie-i-opaski-bezpieczenstwa-2\">https:\/\/mcpr.zamosc.mcpr.mpanel.mbnet.pl\/29-korpuswsparciaseniorow\/894-nabor-do-programu-korpus-wsparcia-seniorow-na-rok-2025-uslugi-sasiedzkie-i-opaski-bezpieczenstwa-2<\/a><\/p>\n\n\n<div class=\"wp-block-image\">\n<figure class=\"aligncenter size-full\"><a href=\"http:\/\/magicznyogrod.org\/wp-content\/uploads\/2025\/06\/8515b.png\"><img loading=\"lazy\" decoding=\"async\" width=\"511\" height=\"83\" src=\"http:\/\/magicznyogrod.org\/wp-content\/uploads\/2025\/06\/8515b.png\" alt=\"\" class=\"wp-image-1020\" srcset=\"http:\/\/magicznyogrod.org\/wp-content\/uploads\/2025\/06\/8515b.png 511w, http:\/\/magicznyogrod.org\/wp-content\/uploads\/2025\/06\/8515b-300x49.png 300w\" sizes=\"auto, (max-width: 511px) 100vw, 511px\" \/><\/a><\/figure>\n<\/div>\n\n\n<p><\/p>\n","protected":false},"excerpt":{"rendered":"<p>Nab\u00f3r uczestnik\u00f3w do Programu \u201eKorpus Wsparcia Senior\u00f3w\u201d na&nbsp;rok&nbsp;2025 Miasto Zamo\u015b\u0107 przyst\u0105pi\u0142o do realizacji kolejnej edycji Programu Ministerstwa Rodziny, Pracy i Polityki Spo\u0142ecznej pn.&nbsp;\u201eKorpus Wsparcia Senior\u00f3w\u201d na rok 2025. Koordynatorem programu jest Miejskie Centrum Pomocy Rodzinie w Zamo\u015bciu. Ze wsparcia w ramach Programu mog\u0105 skorzysta\u0107 mieszka\u0144cy Miasta Zamo\u015b\u0107 w wieku 60 lat i&nbsp;wi\u0119cej. Program realizowany jest &#8230; <span class=\"more\"><a class=\"more-link\" href=\"http:\/\/magicznyogrod.org\/?p=1019\">[Czytaj wi\u0119cej&#8230;]<\/a><\/span><\/p>\n","protected":false},"author":1,"featured_media":323,"comment_status":"closed","ping_status":"closed","sticky":false,"template":"","format":"standard","meta":{"footnotes":""},"categories":[1],"tags":[],"class_list":{"0":"entry","1":"post","2":"publish","3":"author-admin","4":"post-1019","6":"format-standard","7":"has-post-thumbnail","8":"category-uncategorized"},"_links":{"self":[{"href":"http:\/\/magicznyogrod.org\/index.php?rest_route=\/wp\/v2\/posts\/1019","targetHints":{"allow":["GET"]}}],"collection":[{"href":"http:\/\/magicznyogrod.org\/index.php?rest_route=\/wp\/v2\/posts"}],"about":[{"href":"http:\/\/magicznyogrod.org\/index.php?rest_route=\/wp\/v2\/types\/post"}],"author":[{"embeddable":true,"href":"http:\/\/magicznyogrod.org\/index.php?rest_route=\/wp\/v2\/users\/1"}],"replies":[{"embeddable":true,"href":"http:\/\/magicznyogrod.org\/index.php?rest_route=%2Fwp%2Fv2%2Fcomments&post=1019"}],"version-history":[{"count":1,"href":"http:\/\/magicznyogrod.org\/index.php?rest_route=\/wp\/v2\/posts\/1019\/revisions"}],"predecessor-version":[{"id":1021,"href":"http:\/\/magicznyogrod.org\/index.php?rest_route=\/wp\/v2\/posts\/1019\/revisions\/1021"}],"wp:featuredmedia":[{"embeddable":true,"href":"http:\/\/magicznyogrod.org\/index.php?rest_route=\/wp\/v2\/media\/323"}],"wp:attachment":[{"href":"http:\/\/magicznyogrod.org\/index.php?rest_route=%2Fwp%2Fv2%2Fmedia&parent=1019"}],"wp:term":[{"taxonomy":"category","embeddable":true,"href":"http:\/\/magicznyogrod.org\/index.php?rest_route=%2Fwp%2Fv2%2Fcategories&post=1019"},{"taxonomy":"post_tag","embeddable":true,"href":"http:\/\/magicznyogrod.org\/index.php?rest_route=%2Fwp%2Fv2%2Ftags&post=1019"}],"curies":[{"name":"wp","href":"https:\/\/api.w.org\/{rel}","templated":true}]}}